{"id":997,"date":"1992-01-15T11:00:24","date_gmt":"1992-01-15T10:00:24","guid":{"rendered":"http:\/\/greth.fr\/?p=997"},"modified":"2023-02-24T14:48:36","modified_gmt":"2023-02-24T13:48:36","slug":"condensation-des-melanges-non-azeotropiques-de-fluides-frigorigenes-dans-les-tubes-lisses-horizontaux-en-ecoulements-turbulents","status":"publish","type":"post","link":"https:\/\/greth.fr\/en\/condensation-des-melanges-non-azeotropiques-de-fluides-frigorigenes-dans-les-tubes-lisses-horizontaux-en-ecoulements-turbulents\/","title":{"rendered":"Condensation des m\u00e9langes non-azeotropiques de fluides frigorig\u00e8nes dans les tubes lisses horizontaux en \u00e9coulements turbulents"},"content":{"rendered":"<p><strong><span style=\"text-decoration: underline;\">Summary :<\/span><\/strong><br \/>\nCette \u00e9tude fait suite \u00e0 des travaux portant sur l'\u00e9bullition de m\u00e9langes de fluides frigorig\u00e8nes et sur la condensation de vapeurs en pr\u00e9sence d'incondensables.<\/p>\n<p>Les objectifs qui lui ont \u00e9t\u00e9 fix\u00e9s sont les suivants :<\/p>\n<p>- Approfondir les comp\u00e9tences du GRETh sur la condensation des m\u00e9langes z\u00e9otropes.<\/p>\n<p>- Proposer des outils d'aide \u00e0 la conception de condenseurs de m\u00e9langes.<\/p>\n<p>- D\u00e9velopper des instruments capables de mesurer et d'analyser les performances des m\u00e9langes de frigorig\u00e8nes ainsi que celles des m\u00e9thodes de simulation.<\/p>\n<p>- Fournir des donn\u00e9es exp\u00e9rimentales pour la condensation de m\u00e9langes de fluides frigorig\u00e8nes non az\u00e9otropiques dans une g\u00e9om\u00e9trie usuelle (\u00e0 l'int\u00e9rieur des tubes lisses horizontaux).<\/p>\n<table width=\"100%\" border=\"1\">\n<tr>\n<td><strong>Auteur(s)<\/strong><\/td>\n<\/tr>\n<tr>\n<td>GAYET Philippe<\/td>\n<\/tr>\n<tr>\n<td><strong>Ann\u00e9e<\/strong><\/td>\n<\/tr>\n<tr>\n<td>1992<\/td>\n<\/tr>\n<tr>\n<td><strong>Keywords<\/strong><\/td>\n<\/tr>\n<tr>\n<td>Condensation, fluides frigorig\u00e8nes, tubes lisses horizontaux, \u00e9coulements turbulents<\/td>\n<\/tr>\n<\/table>\n\n&nbsp;<br \/>\n\n<div class=\"eds-animate edsanimate-sis-hidden\" data-eds-entry-animation=\"bounceIn\" data-eds-entry-delay=\"0\" data-eds-entry-duration=\"1\" data-eds-entry-timing=\"linear\" data-eds-exit-animation=\"\" data-eds-exit-delay=\"\" data-eds-exit-duration=\"\" data-eds-exit-timing=\"\" data-eds-repeat-count=\"1\" data-eds-keep=\"yes\" data-eds-animate-on=\"load\" data-eds-scroll-offset=\"\">\n\t\t<div class=\"box info\">\n\t\t\t<div class=\"box-inner-block\">\n\t\t\t\t<span class=\"fa tie-shortcode-boxicon\"><\/span>\n<p style=\"text-align: justify;\"><strong>&#x2666; The full version is only available for subscribers <a style=\"text-decoration: none;\" href=\"\/en\/offre-du-greth\/\"><span style=\"background-color: #3db2ea; color: #fff;\">\"ESSENTIEL\"<\/span><\/a> or <a style=\"text-decoration: none;\" href=\"\/en\/offre-du-greth\/\"><span style=\"background-color: #c6002c; color: #fff;\">\"PREMIUM\"<\/span><\/a> of GRETh!<\/strong><\/p>\n<p>&#x2666; If you are already a member \/ subscriber, you must identify yourself by <a href=\"\/wp-login.php\"><strong>clicking here<\/strong><\/a>.<br \/>\n&#x2666; If you are not a member, you can consult the offer proposed by GRETh by <a href=\"\/en\/offre-du-greth\/\"><strong>clicking here<\/strong><\/a> as well as the conditions of membership by <a href=\"\/en\/conditions-adhesion\/\"><strong>clicking here<\/strong><\/a>.\n\t\t\t<\/div>\n\t\t<\/div>\n\t<\/div>","protected":false},"excerpt":{"rendered":"<p>R\u00e9sum\u00e9 : Cette \u00e9tude fait suite \u00e0 des travaux portant sur l&#8217;\u00e9bullition de m\u00e9langes de fluides frigorig\u00e8nes et sur la condensation de vapeurs en pr\u00e9sence d&#8217;incondensables. Les objectifs qui lui ont \u00e9t\u00e9 fix\u00e9s sont les suivants : &#8211; Approfondir les comp\u00e9tences du GRETh sur la condensation des m\u00e9langes z\u00e9otropes. &#8211; Proposer des outils d&#8217;aide \u00e0 &hellip;<\/p>","protected":false},"author":1,"featured_media":173,"comment_status":"closed","ping_status":"closed","sticky":false,"template":"","format":"standard","meta":{"footnotes":""},"categories":[20,21],"tags":[],"class_list":["post-997","post","type-post","status-publish","format-standard","has-post-thumbnail","hentry","category-documents","category-memoires-theses"],"yoast_head":"<!-- This site is optimized with the Yoast SEO Premium plugin v23.9 (Yoast SEO v27.3) - https:\/\/yoast.com\/product\/yoast-seo-premium-wordpress\/ -->\n<title>Condensation des m\u00e9langes non-azeotropiques de fluides frigorig\u00e8nes dans les tubes lisses horizontaux en \u00e9coulements turbulents - GRETh<\/title>\n<meta name=\"robots\" content=\"index, follow, max-snippet:-1, max-image-preview:large, max-video-preview:-1\" \/>\n<link rel=\"canonical\" href=\"https:\/\/greth.fr\/en\/condensation-des-melanges-non-azeotropiques-de-fluides-frigorigenes-dans-les-tubes-lisses-horizontaux-en-ecoulements-turbulents\/\" \/>\n<meta property=\"og:locale\" content=\"en_US\" \/>\n<meta property=\"og:type\" content=\"article\" \/>\n<meta property=\"og:title\" content=\"Condensation des m\u00e9langes non-azeotropiques de fluides frigorig\u00e8nes dans les tubes lisses horizontaux en \u00e9coulements turbulents\" \/>\n<meta property=\"og:description\" content=\"R\u00e9sum\u00e9 : Cette \u00e9tude fait suite \u00e0 des travaux portant sur l&#039;\u00e9bullition de m\u00e9langes de fluides frigorig\u00e8nes et sur la condensation de vapeurs en pr\u00e9sence d&#039;incondensables. Les objectifs qui lui ont \u00e9t\u00e9 fix\u00e9s sont les suivants : - Approfondir les comp\u00e9tences du GRETh sur la condensation des m\u00e9langes z\u00e9otropes. - Proposer des outils d&#039;aide \u00e0 &hellip;\" \/>\n<meta property=\"og:url\" content=\"https:\/\/greth.fr\/en\/condensation-des-melanges-non-azeotropiques-de-fluides-frigorigenes-dans-les-tubes-lisses-horizontaux-en-ecoulements-turbulents\/\" \/>\n<meta property=\"og:site_name\" content=\"GRETh\" \/>\n<meta property=\"article:publisher\" content=\"https:\/\/www.facebook.com\/grethfr\/\" \/>\n<meta property=\"article:author\" content=\"https:\/\/www.facebook.com\/grethfr\/\" \/>\n<meta property=\"article:published_time\" content=\"1992-01-15T10:00:24+00:00\" \/>\n<meta property=\"article:modified_time\" content=\"2023-02-24T13:48:36+00:00\" \/>\n<meta property=\"og:image\" content=\"https:\/\/greth.fr\/wp-content\/uploads\/2015\/06\/theses-2.png\" \/>\n\t<meta property=\"og:image:width\" content=\"250\" \/>\n\t<meta property=\"og:image:height\" content=\"165\" \/>\n\t<meta property=\"og:image:type\" content=\"image\/png\" \/>\n<meta name=\"author\" content=\"GRETh\" \/>\n<meta name=\"twitter:card\" content=\"summary_large_image\" \/>\n<meta name=\"twitter:creator\" content=\"@grethfr\" \/>\n<meta name=\"twitter:site\" content=\"@grethfr\" \/>\n<meta name=\"twitter:label1\" content=\"Written by\" \/>\n\t<meta name=\"twitter:data1\" content=\"GRETh\" \/>\n\t<meta name=\"twitter:label2\" content=\"Est. reading time\" \/>\n\t<meta name=\"twitter:data2\" content=\"3 minutes\" \/>\n<script type=\"application\/ld+json\" class=\"yoast-schema-graph\">{\"@context\":\"https:\\\/\\\/schema.org\",\"@graph\":[{\"@type\":\"Article\",\"@id\":\"https:\\\/\\\/greth.fr\\\/condensation-des-melanges-non-azeotropiques-de-fluides-frigorigenes-dans-les-tubes-lisses-horizontaux-en-ecoulements-turbulents\\\/#article\",\"isPartOf\":{\"@id\":\"https:\\\/\\\/greth.fr\\\/condensation-des-melanges-non-azeotropiques-de-fluides-frigorigenes-dans-les-tubes-lisses-horizontaux-en-ecoulements-turbulents\\\/\"},\"author\":{\"name\":\"GRETh\",\"@id\":\"https:\\\/\\\/greth.fr\\\/#\\\/schema\\\/person\\\/6e173032c4ce46c14339ff999b721f00\"},\"headline\":\"Condensation des m\u00e9langes non-azeotropiques de fluides frigorig\u00e8nes dans les tubes lisses horizontaux en \u00e9coulements turbulents\",\"datePublished\":\"1992-01-15T10:00:24+00:00\",\"dateModified\":\"2023-02-24T13:48:36+00:00\",\"mainEntityOfPage\":{\"@id\":\"https:\\\/\\\/greth.fr\\\/condensation-des-melanges-non-azeotropiques-de-fluides-frigorigenes-dans-les-tubes-lisses-horizontaux-en-ecoulements-turbulents\\\/\"},\"wordCount\":538,\"publisher\":{\"@id\":\"https:\\\/\\\/greth.fr\\\/#organization\"},\"image\":{\"@id\":\"https:\\\/\\\/greth.fr\\\/condensation-des-melanges-non-azeotropiques-de-fluides-frigorigenes-dans-les-tubes-lisses-horizontaux-en-ecoulements-turbulents\\\/#primaryimage\"},\"thumbnailUrl\":\"https:\\\/\\\/greth.fr\\\/wp-content\\\/uploads\\\/2015\\\/06\\\/theses-2.png\",\"articleSection\":[\"Documents\",\"M\u00e9moires de th\u00e8ses\"],\"inLanguage\":\"en-US\"},{\"@type\":\"WebPage\",\"@id\":\"https:\\\/\\\/greth.fr\\\/condensation-des-melanges-non-azeotropiques-de-fluides-frigorigenes-dans-les-tubes-lisses-horizontaux-en-ecoulements-turbulents\\\/\",\"url\":\"https:\\\/\\\/greth.fr\\\/condensation-des-melanges-non-azeotropiques-de-fluides-frigorigenes-dans-les-tubes-lisses-horizontaux-en-ecoulements-turbulents\\\/\",\"name\":\"Condensation des m\u00e9langes non-azeotropiques de fluides frigorig\u00e8nes dans les tubes lisses horizontaux en \u00e9coulements turbulents - GRETh\",\"isPartOf\":{\"@id\":\"https:\\\/\\\/greth.fr\\\/#website\"},\"primaryImageOfPage\":{\"@id\":\"https:\\\/\\\/greth.fr\\\/condensation-des-melanges-non-azeotropiques-de-fluides-frigorigenes-dans-les-tubes-lisses-horizontaux-en-ecoulements-turbulents\\\/#primaryimage\"},\"image\":{\"@id\":\"https:\\\/\\\/greth.fr\\\/condensation-des-melanges-non-azeotropiques-de-fluides-frigorigenes-dans-les-tubes-lisses-horizontaux-en-ecoulements-turbulents\\\/#primaryimage\"},\"thumbnailUrl\":\"https:\\\/\\\/greth.fr\\\/wp-content\\\/uploads\\\/2015\\\/06\\\/theses-2.png\",\"datePublished\":\"1992-01-15T10:00:24+00:00\",\"dateModified\":\"2023-02-24T13:48:36+00:00\",\"breadcrumb\":{\"@id\":\"https:\\\/\\\/greth.fr\\\/condensation-des-melanges-non-azeotropiques-de-fluides-frigorigenes-dans-les-tubes-lisses-horizontaux-en-ecoulements-turbulents\\\/#breadcrumb\"},\"inLanguage\":\"en-US\",\"potentialAction\":[{\"@type\":\"ReadAction\",\"target\":[\"https:\\\/\\\/greth.fr\\\/condensation-des-melanges-non-azeotropiques-de-fluides-frigorigenes-dans-les-tubes-lisses-horizontaux-en-ecoulements-turbulents\\\/\"]}]},{\"@type\":\"ImageObject\",\"inLanguage\":\"en-US\",\"@id\":\"https:\\\/\\\/greth.fr\\\/condensation-des-melanges-non-azeotropiques-de-fluides-frigorigenes-dans-les-tubes-lisses-horizontaux-en-ecoulements-turbulents\\\/#primaryimage\",\"url\":\"https:\\\/\\\/greth.fr\\\/wp-content\\\/uploads\\\/2015\\\/06\\\/theses-2.png\",\"contentUrl\":\"https:\\\/\\\/greth.fr\\\/wp-content\\\/uploads\\\/2015\\\/06\\\/theses-2.png\",\"width\":250,\"height\":165},{\"@type\":\"BreadcrumbList\",\"@id\":\"https:\\\/\\\/greth.fr\\\/condensation-des-melanges-non-azeotropiques-de-fluides-frigorigenes-dans-les-tubes-lisses-horizontaux-en-ecoulements-turbulents\\\/#breadcrumb\",\"itemListElement\":[{\"@type\":\"ListItem\",\"position\":1,\"name\":\"Accueil\",\"item\":\"https:\\\/\\\/greth.fr\\\/\"},{\"@type\":\"ListItem\",\"position\":2,\"name\":\"Condensation des m\u00e9langes non-azeotropiques de fluides frigorig\u00e8nes dans les tubes lisses horizontaux en \u00e9coulements turbulents\"}]},{\"@type\":\"WebSite\",\"@id\":\"https:\\\/\\\/greth.fr\\\/#website\",\"url\":\"https:\\\/\\\/greth.fr\\\/\",\"name\":\"Groupement pour la Recherche sur les \u00c9changeurs Thermiques\",\"description\":\"Une structure qui f\u00e9d\u00e8re les industriels autour des \u00e9changeurs de chaleur et des syst\u00e8mes thermiques\",\"publisher\":{\"@id\":\"https:\\\/\\\/greth.fr\\\/#organization\"},\"alternateName\":\"GRETh\",\"potentialAction\":[{\"@type\":\"SearchAction\",\"target\":{\"@type\":\"EntryPoint\",\"urlTemplate\":\"https:\\\/\\\/greth.fr\\\/?s={search_term_string}\"},\"query-input\":{\"@type\":\"PropertyValueSpecification\",\"valueRequired\":true,\"valueName\":\"search_term_string\"}}],\"inLanguage\":\"en-US\"},{\"@type\":\"Organization\",\"@id\":\"https:\\\/\\\/greth.fr\\\/#organization\",\"name\":\"Groupement pour la Recherche sur les Echangeurs Thermiques\",\"alternateName\":\"GRETh\",\"url\":\"https:\\\/\\\/greth.fr\\\/\",\"logo\":{\"@type\":\"ImageObject\",\"inLanguage\":\"en-US\",\"@id\":\"https:\\\/\\\/greth.fr\\\/#\\\/schema\\\/logo\\\/image\\\/\",\"url\":\"https:\\\/\\\/greth.fr\\\/wp-content\\\/uploads\\\/2019\\\/04\\\/maintenance.png\",\"contentUrl\":\"https:\\\/\\\/greth.fr\\\/wp-content\\\/uploads\\\/2019\\\/04\\\/maintenance.png\",\"width\":380,\"height\":460,\"caption\":\"Groupement pour la Recherche sur les Echangeurs Thermiques\"},\"image\":{\"@id\":\"https:\\\/\\\/greth.fr\\\/#\\\/schema\\\/logo\\\/image\\\/\"},\"sameAs\":[\"https:\\\/\\\/www.facebook.com\\\/grethfr\\\/\",\"https:\\\/\\\/x.com\\\/grethfr\",\"https:\\\/\\\/www.linkedin.com\\\/company\\\/greth\",\"https:\\\/\\\/youtube.com\\\/c\\\/grethfrance\"]},{\"@type\":\"Person\",\"@id\":\"https:\\\/\\\/greth.fr\\\/#\\\/schema\\\/person\\\/6e173032c4ce46c14339ff999b721f00\",\"name\":\"GRETh\",\"image\":{\"@type\":\"ImageObject\",\"inLanguage\":\"en-US\",\"@id\":\"https:\\\/\\\/greth.fr\\\/wp-content\\\/uploads\\\/2023\\\/01\\\/avatar-greth-96x96.png\",\"url\":\"https:\\\/\\\/greth.fr\\\/wp-content\\\/uploads\\\/2023\\\/01\\\/avatar-greth-96x96.png\",\"contentUrl\":\"https:\\\/\\\/greth.fr\\\/wp-content\\\/uploads\\\/2023\\\/01\\\/avatar-greth-96x96.png\",\"caption\":\"GRETh\"},\"description\":\"Le GRETh, f\u00e9d\u00e8re un collectif d'industriels dont l'activit\u00e9 est la fabrication d\u2019\u00e9changeurs et d\u2019\u00e9quipements thermiques, les \u00e9tudes d\u2019ing\u00e9nieries d\u2019installations thermiques pour l\u2019industrie et le b\u00e2timent ainsi que l\u2019exploitation de sites de production et de conversion d\u2019\u00e9nergie.\",\"sameAs\":[\"http:\\\/\\\/www.greth.fr\\\/\",\"https:\\\/\\\/www.facebook.com\\\/grethfr\\\/\",\"https:\\\/\\\/www.linkedin.com\\\/company\\\/greth\",\"https:\\\/\\\/x.com\\\/grethfr\",\"https:\\\/\\\/www.youtube.com\\\/c\\\/grethfrance\"],\"url\":\"https:\\\/\\\/greth.fr\\\/en\\\/author\\\/greggus\\\/\"}]}<\/script>\n<!-- \/ Yoast SEO Premium plugin. -->","yoast_head_json":{"title":"Condensation des m\u00e9langes non-azeotropiques de fluides frigorig\u00e8nes dans les tubes lisses horizontaux en \u00e9coulements turbulents - GRETh","robots":{"index":"index","follow":"follow","max-snippet":"max-snippet:-1","max-image-preview":"max-image-preview:large","max-video-preview":"max-video-preview:-1"},"canonical":"https:\/\/greth.fr\/en\/condensation-des-melanges-non-azeotropiques-de-fluides-frigorigenes-dans-les-tubes-lisses-horizontaux-en-ecoulements-turbulents\/","og_locale":"en_US","og_type":"article","og_title":"Condensation des m\u00e9langes non-azeotropiques de fluides frigorig\u00e8nes dans les tubes lisses horizontaux en \u00e9coulements turbulents","og_description":"R\u00e9sum\u00e9 : Cette \u00e9tude fait suite \u00e0 des travaux portant sur l'\u00e9bullition de m\u00e9langes de fluides frigorig\u00e8nes et sur la condensation de vapeurs en pr\u00e9sence d'incondensables. Les objectifs qui lui ont \u00e9t\u00e9 fix\u00e9s sont les suivants : - Approfondir les comp\u00e9tences du GRETh sur la condensation des m\u00e9langes z\u00e9otropes. - Proposer des outils d'aide \u00e0 &hellip;","og_url":"https:\/\/greth.fr\/en\/condensation-des-melanges-non-azeotropiques-de-fluides-frigorigenes-dans-les-tubes-lisses-horizontaux-en-ecoulements-turbulents\/","og_site_name":"GRETh","article_publisher":"https:\/\/www.facebook.com\/grethfr\/","article_author":"https:\/\/www.facebook.com\/grethfr\/","article_published_time":"1992-01-15T10:00:24+00:00","article_modified_time":"2023-02-24T13:48:36+00:00","og_image":[{"width":250,"height":165,"url":"https:\/\/greth.fr\/wp-content\/uploads\/2015\/06\/theses-2.png","type":"image\/png"}],"author":"GRETh","twitter_card":"summary_large_image","twitter_creator":"@grethfr","twitter_site":"@grethfr","twitter_misc":{"Written by":"GRETh","Est. reading time":"3 minutes"},"schema":{"@context":"https:\/\/schema.org","@graph":[{"@type":"Article","@id":"https:\/\/greth.fr\/condensation-des-melanges-non-azeotropiques-de-fluides-frigorigenes-dans-les-tubes-lisses-horizontaux-en-ecoulements-turbulents\/#article","isPartOf":{"@id":"https:\/\/greth.fr\/condensation-des-melanges-non-azeotropiques-de-fluides-frigorigenes-dans-les-tubes-lisses-horizontaux-en-ecoulements-turbulents\/"},"author":{"name":"GRETh","@id":"https:\/\/greth.fr\/#\/schema\/person\/6e173032c4ce46c14339ff999b721f00"},"headline":"Condensation des m\u00e9langes non-azeotropiques de fluides frigorig\u00e8nes dans les tubes lisses horizontaux en \u00e9coulements turbulents","datePublished":"1992-01-15T10:00:24+00:00","dateModified":"2023-02-24T13:48:36+00:00","mainEntityOfPage":{"@id":"https:\/\/greth.fr\/condensation-des-melanges-non-azeotropiques-de-fluides-frigorigenes-dans-les-tubes-lisses-horizontaux-en-ecoulements-turbulents\/"},"wordCount":538,"publisher":{"@id":"https:\/\/greth.fr\/#organization"},"image":{"@id":"https:\/\/greth.fr\/condensation-des-melanges-non-azeotropiques-de-fluides-frigorigenes-dans-les-tubes-lisses-horizontaux-en-ecoulements-turbulents\/#primaryimage"},"thumbnailUrl":"https:\/\/greth.fr\/wp-content\/uploads\/2015\/06\/theses-2.png","articleSection":["Documents","M\u00e9moires de th\u00e8ses"],"inLanguage":"en-US"},{"@type":"WebPage","@id":"https:\/\/greth.fr\/condensation-des-melanges-non-azeotropiques-de-fluides-frigorigenes-dans-les-tubes-lisses-horizontaux-en-ecoulements-turbulents\/","url":"https:\/\/greth.fr\/condensation-des-melanges-non-azeotropiques-de-fluides-frigorigenes-dans-les-tubes-lisses-horizontaux-en-ecoulements-turbulents\/","name":"Condensation des m\u00e9langes non-azeotropiques de fluides frigorig\u00e8nes dans les tubes lisses horizontaux en \u00e9coulements turbulents - GRETh","isPartOf":{"@id":"https:\/\/greth.fr\/#website"},"primaryImageOfPage":{"@id":"https:\/\/greth.fr\/condensation-des-melanges-non-azeotropiques-de-fluides-frigorigenes-dans-les-tubes-lisses-horizontaux-en-ecoulements-turbulents\/#primaryimage"},"image":{"@id":"https:\/\/greth.fr\/condensation-des-melanges-non-azeotropiques-de-fluides-frigorigenes-dans-les-tubes-lisses-horizontaux-en-ecoulements-turbulents\/#primaryimage"},"thumbnailUrl":"https:\/\/greth.fr\/wp-content\/uploads\/2015\/06\/theses-2.png","datePublished":"1992-01-15T10:00:24+00:00","dateModified":"2023-02-24T13:48:36+00:00","breadcrumb":{"@id":"https:\/\/greth.fr\/condensation-des-melanges-non-azeotropiques-de-fluides-frigorigenes-dans-les-tubes-lisses-horizontaux-en-ecoulements-turbulents\/#breadcrumb"},"inLanguage":"en-US","potentialAction":[{"@type":"ReadAction","target":["https:\/\/greth.fr\/condensation-des-melanges-non-azeotropiques-de-fluides-frigorigenes-dans-les-tubes-lisses-horizontaux-en-ecoulements-turbulents\/"]}]},{"@type":"ImageObject","inLanguage":"en-US","@id":"https:\/\/greth.fr\/condensation-des-melanges-non-azeotropiques-de-fluides-frigorigenes-dans-les-tubes-lisses-horizontaux-en-ecoulements-turbulents\/#primaryimage","url":"https:\/\/greth.fr\/wp-content\/uploads\/2015\/06\/theses-2.png","contentUrl":"https:\/\/greth.fr\/wp-content\/uploads\/2015\/06\/theses-2.png","width":250,"height":165},{"@type":"BreadcrumbList","@id":"https:\/\/greth.fr\/condensation-des-melanges-non-azeotropiques-de-fluides-frigorigenes-dans-les-tubes-lisses-horizontaux-en-ecoulements-turbulents\/#breadcrumb","itemListElement":[{"@type":"ListItem","position":1,"name":"Accueil","item":"https:\/\/greth.fr\/"},{"@type":"ListItem","position":2,"name":"Condensation des m\u00e9langes non-azeotropiques de fluides frigorig\u00e8nes dans les tubes lisses horizontaux en \u00e9coulements turbulents"}]},{"@type":"WebSite","@id":"https:\/\/greth.fr\/#website","url":"https:\/\/greth.fr\/","name":"Groupement pour la Recherche sur les \u00c9changeurs Thermiques","description":"A structure that brings together manufacturers around heat exchangers and thermal systems","publisher":{"@id":"https:\/\/greth.fr\/#organization"},"alternateName":"GRETh","potentialAction":[{"@type":"SearchAction","target":{"@type":"EntryPoint","urlTemplate":"https:\/\/greth.fr\/?s={search_term_string}"},"query-input":{"@type":"PropertyValueSpecification","valueRequired":true,"valueName":"search_term_string"}}],"inLanguage":"en-US"},{"@type":"Organization","@id":"https:\/\/greth.fr\/#organization","name":"Groupement pour la Recherche sur les Echangeurs Thermiques","alternateName":"GRETh","url":"https:\/\/greth.fr\/","logo":{"@type":"ImageObject","inLanguage":"en-US","@id":"https:\/\/greth.fr\/#\/schema\/logo\/image\/","url":"https:\/\/greth.fr\/wp-content\/uploads\/2019\/04\/maintenance.png","contentUrl":"https:\/\/greth.fr\/wp-content\/uploads\/2019\/04\/maintenance.png","width":380,"height":460,"caption":"Groupement pour la Recherche sur les Echangeurs Thermiques"},"image":{"@id":"https:\/\/greth.fr\/#\/schema\/logo\/image\/"},"sameAs":["https:\/\/www.facebook.com\/grethfr\/","https:\/\/x.com\/grethfr","https:\/\/www.linkedin.com\/company\/greth","https:\/\/youtube.com\/c\/grethfrance"]},{"@type":"Person","@id":"https:\/\/greth.fr\/#\/schema\/person\/6e173032c4ce46c14339ff999b721f00","name":"GRETh","image":{"@type":"ImageObject","inLanguage":"en-US","@id":"https:\/\/greth.fr\/wp-content\/uploads\/2023\/01\/avatar-greth-96x96.png","url":"https:\/\/greth.fr\/wp-content\/uploads\/2023\/01\/avatar-greth-96x96.png","contentUrl":"https:\/\/greth.fr\/wp-content\/uploads\/2023\/01\/avatar-greth-96x96.png","caption":"GRETh"},"description":"Le GRETh, f\u00e9d\u00e8re un collectif d'industriels dont l'activit\u00e9 est la fabrication d\u2019\u00e9changeurs et d\u2019\u00e9quipements thermiques, les \u00e9tudes d\u2019ing\u00e9nieries d\u2019installations thermiques pour l\u2019industrie et le b\u00e2timent ainsi que l\u2019exploitation de sites de production et de conversion d\u2019\u00e9nergie.","sameAs":["http:\/\/www.greth.fr\/","https:\/\/www.facebook.com\/grethfr\/","https:\/\/www.linkedin.com\/company\/greth","https:\/\/x.com\/grethfr","https:\/\/www.youtube.com\/c\/grethfrance"],"url":"https:\/\/greth.fr\/en\/author\/greggus\/"}]}},"_links":{"self":[{"href":"https:\/\/greth.fr\/en\/wp-json\/wp\/v2\/posts\/997","targetHints":{"allow":["GET"]}}],"collection":[{"href":"https:\/\/greth.fr\/en\/wp-json\/wp\/v2\/posts"}],"about":[{"href":"https:\/\/greth.fr\/en\/wp-json\/wp\/v2\/types\/post"}],"author":[{"embeddable":true,"href":"https:\/\/greth.fr\/en\/wp-json\/wp\/v2\/users\/1"}],"replies":[{"embeddable":true,"href":"https:\/\/greth.fr\/en\/wp-json\/wp\/v2\/comments?post=997"}],"version-history":[{"count":0,"href":"https:\/\/greth.fr\/en\/wp-json\/wp\/v2\/posts\/997\/revisions"}],"wp:featuredmedia":[{"embeddable":true,"href":"https:\/\/greth.fr\/en\/wp-json\/wp\/v2\/media\/173"}],"wp:attachment":[{"href":"https:\/\/greth.fr\/en\/wp-json\/wp\/v2\/media?parent=997"}],"wp:term":[{"taxonomy":"category","embeddable":true,"href":"https:\/\/greth.fr\/en\/wp-json\/wp\/v2\/categories?post=997"},{"taxonomy":"post_tag","embeddable":true,"href":"https:\/\/greth.fr\/en\/wp-json\/wp\/v2\/tags?post=997"}],"curies":[{"name":"wp","href":"https:\/\/api.w.org\/{rel}","templated":true}]}}