{"id":27598,"date":"2026-04-29T14:00:00","date_gmt":"2026-04-29T12:00:00","guid":{"rendered":"https:\/\/greth.fr\/?p=27598"},"modified":"2026-04-29T14:29:14","modified_gmt":"2026-04-29T12:29:14","slug":"journees-techniques-greth-2026-appel-a-communication","status":"publish","type":"post","link":"https:\/\/greth.fr\/en\/journees-techniques-greth-2026-appel-a-communication\/","title":{"rendered":"Journ\u00e9es Techniques GRETh 2026 &#8211; Appel \u00e0 communication"},"content":{"rendered":"<p>Les Journ\u00e9es Techniques du <strong>GRETh<\/strong> reviennent les <strong>18<\/strong> et <strong>19<\/strong> <strong>novembre 2026<\/strong> \u00e0 <strong>Aix-les-Bains<\/strong> pour une nouvelle \u00e9dition plac\u00e9e sous le signe de l\u2019<strong>innovation<\/strong>, de l\u2019<strong>\u00e9change<\/strong> et du <strong>partage d\u2019exp\u00e9rience<\/strong> dans le domaine des <strong>\u00e9changeurs de chaleur et des syst\u00e8mes thermiques<\/strong>.<\/p>\n<p><img loading=\"lazy\" decoding=\"async\" src=\"https:\/\/greth.fr\/wp-content\/uploads\/2026\/04\/news-jt2026.png\" alt=\"\" width=\"615\" height=\"197\" class=\"aligncenter size-full wp-image-27600\" srcset=\"https:\/\/greth.fr\/wp-content\/uploads\/2026\/04\/news-jt2026.png 615w, https:\/\/greth.fr\/wp-content\/uploads\/2026\/04\/news-jt2026-100x32.png 100w, https:\/\/greth.fr\/wp-content\/uploads\/2026\/04\/news-jt2026-300x96.png 300w, https:\/\/greth.fr\/wp-content\/uploads\/2026\/04\/news-jt2026-18x6.png 18w\" sizes=\"auto, (max-width: 615px) 100vw, 615px\" \/><\/p>\n<ul>\n<li><strong>Th\u00e9matiques couvertes<\/strong> : \u00e9changeurs de chaleur, syst\u00e8mes thermiques, mod\u00e9lisation et calculs, performance \u00e9nerg\u00e9tique, innovations industrielles, nouveaux produits\u2026<\/li>\n<li><strong>Industriels et chercheurs<\/strong>, issus de laboratoires et d\u2019entreprises fran\u00e7aises et internationales, viendront pr\u00e9senter leurs travaux \u00e0 travers des communications orales, des kak\u00e9monos, et des retours d\u2019exp\u00e9rience appliqu\u00e9s. Ce croisement entre recherche fondamentale, R&D appliqu\u00e9e et innovation industrielle dresse un panorama riche et concret du secteur.<\/li>\n<li>Et toujours la session <strong>showroom \/ kak\u00e9monos<\/strong> qui permettra aux entreprises et laboratoires de valoriser leurs innovations, produits, prototypes ou solutions techniques dans un espace d\u00e9di\u00e9 aux <strong>\u00e9changes directs et au r\u00e9seautage BtoB<\/strong>.<\/li>\n<\/ul>\n<p>Vous avez r\u00e9cemment conduit un projet R&D, d\u00e9velopp\u00e9 une nouvelle technologie, ou souhaitez partager une application concr\u00e8te dans le domaine ? Proposez une communication !<\/p>\n<p><u>Modalit\u00e9s de soumission :<\/u> envoyez-nous votre titre d\u2019intervention, le nom\/pr\u00e9nom du ou des intervenant(e)s, accompagn\u00e9s d\u2019un court r\u00e9sum\u00e9 \u00e0 l\u2019adresse suivante : <a href=\"mailto:info@greth.fr\">info@greth.fr<\/a>.<\/p>\n<p>Les propositions seront s\u00e9lectionn\u00e9es selon leur pertinence et leur compl\u00e9mentarit\u00e9 avec les th\u00e9matiques abord\u00e9es. En cas de non-s\u00e9lection pour une intervention orale, une place dans la session kak\u00e9monos vous sera propos\u00e9e.<\/p>\n<p><strong>Ne tardez pas \u00e0 nous contacter : le nombre de communication est limit\u00e9 !<\/strong><br \/>\n- Cl\u00f4ture de l\u2019appel : <strong>05 juin 2026<\/strong><br \/>\n- Pour vous rem\u00e9morer l\u2019ambiance et la richesse des \u00e9changes, retrouvez en images l\u2019\u00e9dition 2025 des Journ\u00e9es Techniques du GRETh<\/p>\n<div id=\"wpfp_ee5490b38c4cd598c3ed7aa4bc9089e6\" data-item=\"{&quot;sources&quot;:[{&quot;src&quot;:&quot;https:\\\/\\\/www.youtube.com\\\/watch?v=ASt5IgVgMVQ&quot;,&quot;type&quot;:&quot;video\\\/youtube&quot;}],&quot;id&quot;:&quot;7&quot;,&quot;splash&quot;:&quot;https:\\\/\\\/i.ytimg.com\\\/vi\\\/ASt5IgVgMVQ\\\/maxresdefault.jpg#auto&quot;}\" class=\"flowplayer no-brand is-splash is-paused skin-slim no-svg fp-slim fp-edgy is-youtube\" style=\"position:relative; max-width: 640px; max-height: 360px; \" data-ratio=\"0.5625\" data-engine=\"fvyoutube\">\n\t<div class=\"fp-ratio\" style=\"padding-top: 56.25%\"><\/div>\n\t<img decoding=\"async\" class=\"fp-splash\" alt=\"video\" src=\"https:\/\/i.ytimg.com\/vi\/ASt5IgVgMVQ\/maxresdefault.jpg#auto\" style=\"position:absolute;top:0;width:100%\" \/>\n\t<div class=\"fp-ui\"><noscript>Please enable JavaScript<\/noscript><div class=\"fp-play fp-visible\"><svg class=\"fp-play-sharp-fill\" xmlns=\"http:\/\/www.w3.org\/2000\/svg\" viewBox=\"0 0 100 100\"><defs><style>.fp-color-play{opacity:0.65;}.controlbutton{fill:#fff;}<\/style><\/defs><title>play-sharp-fill<\/title><path class=\"fp-color-play\" d=\"M49.9217-.078a50,50,0,1,0,50,50A50.0564,50.0564,0,0,0,49.9217-.078Z\"\/><polygon class=\"controlbutton\" points=\"73.601 50 37.968 70.573 37.968 29.427 73.601 50\" filter=\"url(#f1)\"\/><\/svg><\/div><div class=\"fp-preload\"><b><\/b><b><\/b><b><\/b><b><\/b><\/div><\/div>\n\n<\/div>\n\n","protected":false},"excerpt":{"rendered":"<p>Les Journ\u00e9es Techniques du GRETh reviennent les 18 et 19 novembre 2026 \u00e0 Aix-les-Bains pour une nouvelle \u00e9dition plac\u00e9e sous le signe de l\u2019innovation, de l\u2019\u00e9change et du partage d\u2019exp\u00e9rience dans le domaine des \u00e9changeurs de chaleur et des syst\u00e8mes thermiques. Th\u00e9matiques couvertes : \u00e9changeurs de chaleur, syst\u00e8mes thermiques, mod\u00e9lisation et calculs, performance \u00e9nerg\u00e9tique, innovations &hellip;<\/p>","protected":false},"author":1,"featured_media":27599,"comment_status":"closed","ping_status":"closed","sticky":false,"template":"","format":"standard","meta":{"footnotes":""},"categories":[18],"tags":[],"class_list":["post-27598","post","type-post","status-publish","format-standard","has-post-thumbnail","hentry","category-actualites-du-greth"],"yoast_head":"<!-- This site is optimized with the Yoast SEO Premium plugin v23.9 (Yoast SEO v27.3) - https:\/\/yoast.com\/product\/yoast-seo-premium-wordpress\/ -->\n<title>Journ\u00e9es Techniques GRETh 2026 - Appel \u00e0 communication - GRETh<\/title>\n<meta name=\"robots\" content=\"index, follow, max-snippet:-1, max-image-preview:large, max-video-preview:-1\" \/>\n<link rel=\"canonical\" href=\"https:\/\/greth.fr\/en\/journees-techniques-greth-2026-appel-a-communication\/\" \/>\n<meta property=\"og:locale\" content=\"en_US\" \/>\n<meta property=\"og:type\" content=\"article\" \/>\n<meta property=\"og:title\" content=\"Journ\u00e9es Techniques GRETh 2026 - Appel \u00e0 communication\" \/>\n<meta property=\"og:description\" content=\"Les Journ\u00e9es Techniques du GRETh reviennent les 18 et 19 novembre 2026 \u00e0 Aix-les-Bains pour une nouvelle \u00e9dition plac\u00e9e sous le signe de l\u2019innovation, de l\u2019\u00e9change et du partage d\u2019exp\u00e9rience dans le domaine des \u00e9changeurs de chaleur et des syst\u00e8mes thermiques. Th\u00e9matiques couvertes : \u00e9changeurs de chaleur, syst\u00e8mes thermiques, mod\u00e9lisation et calculs, performance \u00e9nerg\u00e9tique, innovations &hellip;\" \/>\n<meta property=\"og:url\" content=\"https:\/\/greth.fr\/en\/journees-techniques-greth-2026-appel-a-communication\/\" \/>\n<meta property=\"og:site_name\" content=\"GRETh\" \/>\n<meta property=\"article:publisher\" content=\"https:\/\/www.facebook.com\/grethfr\/\" \/>\n<meta property=\"article:author\" content=\"https:\/\/www.facebook.com\/grethfr\/\" \/>\n<meta property=\"article:published_time\" content=\"2026-04-29T12:00:00+00:00\" \/>\n<meta property=\"article:modified_time\" content=\"2026-04-29T12:29:14+00:00\" \/>\n<meta property=\"og:image\" content=\"https:\/\/greth.fr\/wp-content\/uploads\/2026\/04\/news-04-2026.png\" \/>\n\t<meta property=\"og:image:width\" content=\"370\" \/>\n\t<meta property=\"og:image:height\" content=\"320\" \/>\n\t<meta property=\"og:image:type\" content=\"image\/png\" \/>\n<meta name=\"author\" content=\"GRETh\" \/>\n<meta name=\"twitter:card\" content=\"summary_large_image\" \/>\n<meta name=\"twitter:creator\" content=\"@grethfr\" \/>\n<meta name=\"twitter:site\" content=\"@grethfr\" \/>\n<meta name=\"twitter:label1\" content=\"Written by\" \/>\n\t<meta name=\"twitter:data1\" content=\"GRETh\" \/>\n\t<meta name=\"twitter:label2\" content=\"Est. reading time\" \/>\n\t<meta name=\"twitter:data2\" content=\"1 minute\" \/>\n<script type=\"application\/ld+json\" class=\"yoast-schema-graph\">{\"@context\":\"https:\\\/\\\/schema.org\",\"@graph\":[{\"@type\":\"Article\",\"@id\":\"https:\\\/\\\/greth.fr\\\/journees-techniques-greth-2026-appel-a-communication\\\/#article\",\"isPartOf\":{\"@id\":\"https:\\\/\\\/greth.fr\\\/journees-techniques-greth-2026-appel-a-communication\\\/\"},\"author\":{\"name\":\"GRETh\",\"@id\":\"https:\\\/\\\/greth.fr\\\/#\\\/schema\\\/person\\\/6e173032c4ce46c14339ff999b721f00\"},\"headline\":\"Journ\u00e9es Techniques GRETh 2026 &#8211; Appel \u00e0 communication\",\"datePublished\":\"2026-04-29T12:00:00+00:00\",\"dateModified\":\"2026-04-29T12:29:14+00:00\",\"mainEntityOfPage\":{\"@id\":\"https:\\\/\\\/greth.fr\\\/journees-techniques-greth-2026-appel-a-communication\\\/\"},\"wordCount\":300,\"publisher\":{\"@id\":\"https:\\\/\\\/greth.fr\\\/#organization\"},\"image\":{\"@id\":\"https:\\\/\\\/greth.fr\\\/journees-techniques-greth-2026-appel-a-communication\\\/#primaryimage\"},\"thumbnailUrl\":\"https:\\\/\\\/greth.fr\\\/wp-content\\\/uploads\\\/2026\\\/04\\\/news-04-2026.png\",\"articleSection\":[\"Les actualit\u00e9s du GRETh\"],\"inLanguage\":\"en-US\"},{\"@type\":\"WebPage\",\"@id\":\"https:\\\/\\\/greth.fr\\\/journees-techniques-greth-2026-appel-a-communication\\\/\",\"url\":\"https:\\\/\\\/greth.fr\\\/journees-techniques-greth-2026-appel-a-communication\\\/\",\"name\":\"Journ\u00e9es Techniques GRETh 2026 - Appel \u00e0 communication - GRETh\",\"isPartOf\":{\"@id\":\"https:\\\/\\\/greth.fr\\\/#website\"},\"primaryImageOfPage\":{\"@id\":\"https:\\\/\\\/greth.fr\\\/journees-techniques-greth-2026-appel-a-communication\\\/#primaryimage\"},\"image\":{\"@id\":\"https:\\\/\\\/greth.fr\\\/journees-techniques-greth-2026-appel-a-communication\\\/#primaryimage\"},\"thumbnailUrl\":\"https:\\\/\\\/greth.fr\\\/wp-content\\\/uploads\\\/2026\\\/04\\\/news-04-2026.png\",\"datePublished\":\"2026-04-29T12:00:00+00:00\",\"dateModified\":\"2026-04-29T12:29:14+00:00\",\"breadcrumb\":{\"@id\":\"https:\\\/\\\/greth.fr\\\/journees-techniques-greth-2026-appel-a-communication\\\/#breadcrumb\"},\"inLanguage\":\"en-US\",\"potentialAction\":[{\"@type\":\"ReadAction\",\"target\":[\"https:\\\/\\\/greth.fr\\\/journees-techniques-greth-2026-appel-a-communication\\\/\"]}]},{\"@type\":\"ImageObject\",\"inLanguage\":\"en-US\",\"@id\":\"https:\\\/\\\/greth.fr\\\/journees-techniques-greth-2026-appel-a-communication\\\/#primaryimage\",\"url\":\"https:\\\/\\\/greth.fr\\\/wp-content\\\/uploads\\\/2026\\\/04\\\/news-04-2026.png\",\"contentUrl\":\"https:\\\/\\\/greth.fr\\\/wp-content\\\/uploads\\\/2026\\\/04\\\/news-04-2026.png\",\"width\":370,\"height\":320},{\"@type\":\"BreadcrumbList\",\"@id\":\"https:\\\/\\\/greth.fr\\\/journees-techniques-greth-2026-appel-a-communication\\\/#breadcrumb\",\"itemListElement\":[{\"@type\":\"ListItem\",\"position\":1,\"name\":\"Accueil\",\"item\":\"https:\\\/\\\/greth.fr\\\/\"},{\"@type\":\"ListItem\",\"position\":2,\"name\":\"Journ\u00e9es Techniques GRETh 2026 &#8211; Appel \u00e0 communication\"}]},{\"@type\":\"WebSite\",\"@id\":\"https:\\\/\\\/greth.fr\\\/#website\",\"url\":\"https:\\\/\\\/greth.fr\\\/\",\"name\":\"Groupement pour la Recherche sur les \u00c9changeurs Thermiques\",\"description\":\"Une structure qui f\u00e9d\u00e8re les industriels autour des \u00e9changeurs de chaleur et des syst\u00e8mes thermiques\",\"publisher\":{\"@id\":\"https:\\\/\\\/greth.fr\\\/#organization\"},\"alternateName\":\"GRETh\",\"potentialAction\":[{\"@type\":\"SearchAction\",\"target\":{\"@type\":\"EntryPoint\",\"urlTemplate\":\"https:\\\/\\\/greth.fr\\\/?s={search_term_string}\"},\"query-input\":{\"@type\":\"PropertyValueSpecification\",\"valueRequired\":true,\"valueName\":\"search_term_string\"}}],\"inLanguage\":\"en-US\"},{\"@type\":\"Organization\",\"@id\":\"https:\\\/\\\/greth.fr\\\/#organization\",\"name\":\"Groupement pour la Recherche sur les Echangeurs Thermiques\",\"alternateName\":\"GRETh\",\"url\":\"https:\\\/\\\/greth.fr\\\/\",\"logo\":{\"@type\":\"ImageObject\",\"inLanguage\":\"en-US\",\"@id\":\"https:\\\/\\\/greth.fr\\\/#\\\/schema\\\/logo\\\/image\\\/\",\"url\":\"https:\\\/\\\/greth.fr\\\/wp-content\\\/uploads\\\/2019\\\/04\\\/maintenance.png\",\"contentUrl\":\"https:\\\/\\\/greth.fr\\\/wp-content\\\/uploads\\\/2019\\\/04\\\/maintenance.png\",\"width\":380,\"height\":460,\"caption\":\"Groupement pour la Recherche sur les Echangeurs Thermiques\"},\"image\":{\"@id\":\"https:\\\/\\\/greth.fr\\\/#\\\/schema\\\/logo\\\/image\\\/\"},\"sameAs\":[\"https:\\\/\\\/www.facebook.com\\\/grethfr\\\/\",\"https:\\\/\\\/x.com\\\/grethfr\",\"https:\\\/\\\/www.linkedin.com\\\/company\\\/greth\",\"https:\\\/\\\/youtube.com\\\/c\\\/grethfrance\"]},{\"@type\":\"Person\",\"@id\":\"https:\\\/\\\/greth.fr\\\/#\\\/schema\\\/person\\\/6e173032c4ce46c14339ff999b721f00\",\"name\":\"GRETh\",\"image\":{\"@type\":\"ImageObject\",\"inLanguage\":\"en-US\",\"@id\":\"https:\\\/\\\/greth.fr\\\/wp-content\\\/uploads\\\/2023\\\/01\\\/avatar-greth-96x96.png\",\"url\":\"https:\\\/\\\/greth.fr\\\/wp-content\\\/uploads\\\/2023\\\/01\\\/avatar-greth-96x96.png\",\"contentUrl\":\"https:\\\/\\\/greth.fr\\\/wp-content\\\/uploads\\\/2023\\\/01\\\/avatar-greth-96x96.png\",\"caption\":\"GRETh\"},\"description\":\"Le GRETh, f\u00e9d\u00e8re un collectif d'industriels dont l'activit\u00e9 est la fabrication d\u2019\u00e9changeurs et d\u2019\u00e9quipements thermiques, les \u00e9tudes d\u2019ing\u00e9nieries d\u2019installations thermiques pour l\u2019industrie et le b\u00e2timent ainsi que l\u2019exploitation de sites de production et de conversion d\u2019\u00e9nergie.\",\"sameAs\":[\"http:\\\/\\\/www.greth.fr\\\/\",\"https:\\\/\\\/www.facebook.com\\\/grethfr\\\/\",\"https:\\\/\\\/www.linkedin.com\\\/company\\\/greth\",\"https:\\\/\\\/x.com\\\/grethfr\",\"https:\\\/\\\/www.youtube.com\\\/c\\\/grethfrance\"],\"url\":\"https:\\\/\\\/greth.fr\\\/en\\\/author\\\/greggus\\\/\"}]}<\/script>\n<!-- \/ Yoast SEO Premium plugin. -->","yoast_head_json":{"title":"Journ\u00e9es Techniques GRETh 2026 - Appel \u00e0 communication - GRETh","robots":{"index":"index","follow":"follow","max-snippet":"max-snippet:-1","max-image-preview":"max-image-preview:large","max-video-preview":"max-video-preview:-1"},"canonical":"https:\/\/greth.fr\/en\/journees-techniques-greth-2026-appel-a-communication\/","og_locale":"en_US","og_type":"article","og_title":"Journ\u00e9es Techniques GRETh 2026 - Appel \u00e0 communication","og_description":"Les Journ\u00e9es Techniques du GRETh reviennent les 18 et 19 novembre 2026 \u00e0 Aix-les-Bains pour une nouvelle \u00e9dition plac\u00e9e sous le signe de l\u2019innovation, de l\u2019\u00e9change et du partage d\u2019exp\u00e9rience dans le domaine des \u00e9changeurs de chaleur et des syst\u00e8mes thermiques. Th\u00e9matiques couvertes : \u00e9changeurs de chaleur, syst\u00e8mes thermiques, mod\u00e9lisation et calculs, performance \u00e9nerg\u00e9tique, innovations &hellip;","og_url":"https:\/\/greth.fr\/en\/journees-techniques-greth-2026-appel-a-communication\/","og_site_name":"GRETh","article_publisher":"https:\/\/www.facebook.com\/grethfr\/","article_author":"https:\/\/www.facebook.com\/grethfr\/","article_published_time":"2026-04-29T12:00:00+00:00","article_modified_time":"2026-04-29T12:29:14+00:00","og_image":[{"width":370,"height":320,"url":"https:\/\/greth.fr\/wp-content\/uploads\/2026\/04\/news-04-2026.png","type":"image\/png"}],"author":"GRETh","twitter_card":"summary_large_image","twitter_creator":"@grethfr","twitter_site":"@grethfr","twitter_misc":{"Written by":"GRETh","Est. reading time":"1 minute"},"schema":{"@context":"https:\/\/schema.org","@graph":[{"@type":"Article","@id":"https:\/\/greth.fr\/journees-techniques-greth-2026-appel-a-communication\/#article","isPartOf":{"@id":"https:\/\/greth.fr\/journees-techniques-greth-2026-appel-a-communication\/"},"author":{"name":"GRETh","@id":"https:\/\/greth.fr\/#\/schema\/person\/6e173032c4ce46c14339ff999b721f00"},"headline":"Journ\u00e9es Techniques GRETh 2026 &#8211; Appel \u00e0 communication","datePublished":"2026-04-29T12:00:00+00:00","dateModified":"2026-04-29T12:29:14+00:00","mainEntityOfPage":{"@id":"https:\/\/greth.fr\/journees-techniques-greth-2026-appel-a-communication\/"},"wordCount":300,"publisher":{"@id":"https:\/\/greth.fr\/#organization"},"image":{"@id":"https:\/\/greth.fr\/journees-techniques-greth-2026-appel-a-communication\/#primaryimage"},"thumbnailUrl":"https:\/\/greth.fr\/wp-content\/uploads\/2026\/04\/news-04-2026.png","articleSection":["Les actualit\u00e9s du GRETh"],"inLanguage":"en-US"},{"@type":"WebPage","@id":"https:\/\/greth.fr\/journees-techniques-greth-2026-appel-a-communication\/","url":"https:\/\/greth.fr\/journees-techniques-greth-2026-appel-a-communication\/","name":"Journ\u00e9es Techniques GRETh 2026 - Appel \u00e0 communication - GRETh","isPartOf":{"@id":"https:\/\/greth.fr\/#website"},"primaryImageOfPage":{"@id":"https:\/\/greth.fr\/journees-techniques-greth-2026-appel-a-communication\/#primaryimage"},"image":{"@id":"https:\/\/greth.fr\/journees-techniques-greth-2026-appel-a-communication\/#primaryimage"},"thumbnailUrl":"https:\/\/greth.fr\/wp-content\/uploads\/2026\/04\/news-04-2026.png","datePublished":"2026-04-29T12:00:00+00:00","dateModified":"2026-04-29T12:29:14+00:00","breadcrumb":{"@id":"https:\/\/greth.fr\/journees-techniques-greth-2026-appel-a-communication\/#breadcrumb"},"inLanguage":"en-US","potentialAction":[{"@type":"ReadAction","target":["https:\/\/greth.fr\/journees-techniques-greth-2026-appel-a-communication\/"]}]},{"@type":"ImageObject","inLanguage":"en-US","@id":"https:\/\/greth.fr\/journees-techniques-greth-2026-appel-a-communication\/#primaryimage","url":"https:\/\/greth.fr\/wp-content\/uploads\/2026\/04\/news-04-2026.png","contentUrl":"https:\/\/greth.fr\/wp-content\/uploads\/2026\/04\/news-04-2026.png","width":370,"height":320},{"@type":"BreadcrumbList","@id":"https:\/\/greth.fr\/journees-techniques-greth-2026-appel-a-communication\/#breadcrumb","itemListElement":[{"@type":"ListItem","position":1,"name":"Accueil","item":"https:\/\/greth.fr\/"},{"@type":"ListItem","position":2,"name":"Journ\u00e9es Techniques GRETh 2026 &#8211; Appel \u00e0 communication"}]},{"@type":"WebSite","@id":"https:\/\/greth.fr\/#website","url":"https:\/\/greth.fr\/","name":"Groupement pour la Recherche sur les \u00c9changeurs Thermiques","description":"A structure that brings together manufacturers around heat exchangers and thermal systems","publisher":{"@id":"https:\/\/greth.fr\/#organization"},"alternateName":"GRETh","potentialAction":[{"@type":"SearchAction","target":{"@type":"EntryPoint","urlTemplate":"https:\/\/greth.fr\/?s={search_term_string}"},"query-input":{"@type":"PropertyValueSpecification","valueRequired":true,"valueName":"search_term_string"}}],"inLanguage":"en-US"},{"@type":"Organization","@id":"https:\/\/greth.fr\/#organization","name":"Groupement pour la Recherche sur les Echangeurs Thermiques","alternateName":"GRETh","url":"https:\/\/greth.fr\/","logo":{"@type":"ImageObject","inLanguage":"en-US","@id":"https:\/\/greth.fr\/#\/schema\/logo\/image\/","url":"https:\/\/greth.fr\/wp-content\/uploads\/2019\/04\/maintenance.png","contentUrl":"https:\/\/greth.fr\/wp-content\/uploads\/2019\/04\/maintenance.png","width":380,"height":460,"caption":"Groupement pour la Recherche sur les Echangeurs Thermiques"},"image":{"@id":"https:\/\/greth.fr\/#\/schema\/logo\/image\/"},"sameAs":["https:\/\/www.facebook.com\/grethfr\/","https:\/\/x.com\/grethfr","https:\/\/www.linkedin.com\/company\/greth","https:\/\/youtube.com\/c\/grethfrance"]},{"@type":"Person","@id":"https:\/\/greth.fr\/#\/schema\/person\/6e173032c4ce46c14339ff999b721f00","name":"GRETh","image":{"@type":"ImageObject","inLanguage":"en-US","@id":"https:\/\/greth.fr\/wp-content\/uploads\/2023\/01\/avatar-greth-96x96.png","url":"https:\/\/greth.fr\/wp-content\/uploads\/2023\/01\/avatar-greth-96x96.png","contentUrl":"https:\/\/greth.fr\/wp-content\/uploads\/2023\/01\/avatar-greth-96x96.png","caption":"GRETh"},"description":"Le GRETh, f\u00e9d\u00e8re un collectif d'industriels dont l'activit\u00e9 est la fabrication d\u2019\u00e9changeurs et d\u2019\u00e9quipements thermiques, les \u00e9tudes d\u2019ing\u00e9nieries d\u2019installations thermiques pour l\u2019industrie et le b\u00e2timent ainsi que l\u2019exploitation de sites de production et de conversion d\u2019\u00e9nergie.","sameAs":["http:\/\/www.greth.fr\/","https:\/\/www.facebook.com\/grethfr\/","https:\/\/www.linkedin.com\/company\/greth","https:\/\/x.com\/grethfr","https:\/\/www.youtube.com\/c\/grethfrance"],"url":"https:\/\/greth.fr\/en\/author\/greggus\/"}]}},"_links":{"self":[{"href":"https:\/\/greth.fr\/en\/wp-json\/wp\/v2\/posts\/27598","targetHints":{"allow":["GET"]}}],"collection":[{"href":"https:\/\/greth.fr\/en\/wp-json\/wp\/v2\/posts"}],"about":[{"href":"https:\/\/greth.fr\/en\/wp-json\/wp\/v2\/types\/post"}],"author":[{"embeddable":true,"href":"https:\/\/greth.fr\/en\/wp-json\/wp\/v2\/users\/1"}],"replies":[{"embeddable":true,"href":"https:\/\/greth.fr\/en\/wp-json\/wp\/v2\/comments?post=27598"}],"version-history":[{"count":0,"href":"https:\/\/greth.fr\/en\/wp-json\/wp\/v2\/posts\/27598\/revisions"}],"wp:featuredmedia":[{"embeddable":true,"href":"https:\/\/greth.fr\/en\/wp-json\/wp\/v2\/media\/27599"}],"wp:attachment":[{"href":"https:\/\/greth.fr\/en\/wp-json\/wp\/v2\/media?parent=27598"}],"wp:term":[{"taxonomy":"category","embeddable":true,"href":"https:\/\/greth.fr\/en\/wp-json\/wp\/v2\/categories?post=27598"},{"taxonomy":"post_tag","embeddable":true,"href":"https:\/\/greth.fr\/en\/wp-json\/wp\/v2\/tags?post=27598"}],"curies":[{"name":"wp","href":"https:\/\/api.w.org\/{rel}","templated":true}]}}